{"id":1170,"date":"2023-02-18T04:29:00","date_gmt":"2023-02-18T03:29:00","guid":{"rendered":"https:\/\/lewebpedagogique.com\/artetdechirure\/?p=1170"},"modified":"2026-02-09T14:05:16","modified_gmt":"2026-02-09T13:05:16","slug":"collection-caroline-dahyot","status":"publish","type":"post","link":"https:\/\/museeartetdechirure.jfguillou.fr\/index.php\/2023\/02\/18\/collection-caroline-dahyot\/","title":{"rendered":"Collection : Caroline DAHYOT"},"content":{"rendered":"\n<figure class=\"wp-block-image size-large\"><img decoding=\"async\" src=\"https:\/\/musee.artetdechirure.fr\/wp-content\/uploads\/2023\/02\/IMG_3831-768x1024.jpeg\" alt=\"\" class=\"wp-image-29588\"\/><figcaption class=\"wp-element-caption\"><sup>Caroline DAHYOT, <em>poup\u00e9e<\/em>, collection Mus\u00e9e Art et D\u00e9chirure &#8211; photo JFG<\/sup><\/figcaption><\/figure>\n\n\n\n<figure class=\"wp-block-image size-large\"><img decoding=\"async\" src=\"https:\/\/musee.artetdechirure.fr\/wp-content\/uploads\/2023\/02\/IMG_3833-768x1024.jpeg\" alt=\"\" class=\"wp-image-29591\"\/><figcaption class=\"wp-element-caption\"><sup>Caroline DAHYOT, <em>poup\u00e9e<\/em>, d\u00e9tail, collection Mus\u00e9e Art et D\u00e9chirure &#8211; photo JFG<\/sup><\/figcaption><\/figure>\n\n\n\n<figure class=\"wp-block-image size-large\"><a href=\"https:\/\/museeartetdechirure.jfguillou.fr\/wp-content\/uploads\/2023\/02\/Dahyot.png\"><img loading=\"lazy\" decoding=\"async\" width=\"769\" height=\"1024\" src=\"https:\/\/museeartetdechirure.jfguillou.fr\/wp-content\/uploads\/2023\/02\/Dahyot-769x1024.png\" alt=\"\" class=\"wp-image-34673\" srcset=\"https:\/\/museeartetdechirure.jfguillou.fr\/wp-content\/uploads\/2023\/02\/Dahyot-769x1024.png 769w, https:\/\/museeartetdechirure.jfguillou.fr\/wp-content\/uploads\/2023\/02\/Dahyot-225x300.png 225w, https:\/\/museeartetdechirure.jfguillou.fr\/wp-content\/uploads\/2023\/02\/Dahyot-768x1022.png 768w, https:\/\/museeartetdechirure.jfguillou.fr\/wp-content\/uploads\/2023\/02\/Dahyot.png 858w\" sizes=\"auto, (max-width: 769px) 100vw, 769px\" \/><\/a><\/figure>\n\n\n\n<hr class=\"wp-block-separator has-alpha-channel-opacity\"\/>\n\n\n\n<p><strong>Caroline chante :<\/strong><\/p>\n\n\n\n<figure class=\"wp-block-image size-large\"><a href=\"https:\/\/on.soundcloud.com\/vBR6R\" target=\"_blank\" rel=\"noreferrer noopener\"><img loading=\"lazy\" decoding=\"async\" width=\"1024\" height=\"310\" src=\"https:\/\/musee.artetdechirure.fr\/wp-content\/uploads\/2023\/02\/Capture-decran-2023-02-17-a-20.04.42-1024x310.png\" alt=\"\" class=\"wp-image-29951\" srcset=\"https:\/\/museeartetdechirure.jfguillou.fr\/wp-content\/uploads\/2023\/02\/Capture-decran-2023-02-17-a-20.04.42-1024x310.png 1024w, https:\/\/museeartetdechirure.jfguillou.fr\/wp-content\/uploads\/2023\/02\/Capture-decran-2023-02-17-a-20.04.42-300x91.png 300w, https:\/\/museeartetdechirure.jfguillou.fr\/wp-content\/uploads\/2023\/02\/Capture-decran-2023-02-17-a-20.04.42-768x233.png 768w, https:\/\/museeartetdechirure.jfguillou.fr\/wp-content\/uploads\/2023\/02\/Capture-decran-2023-02-17-a-20.04.42-1536x465.png 1536w, https:\/\/museeartetdechirure.jfguillou.fr\/wp-content\/uploads\/2023\/02\/Capture-decran-2023-02-17-a-20.04.42-2048x620.png 2048w\" sizes=\"auto, (max-width: 1024px) 100vw, 1024px\" \/><\/a><\/figure>\n\n\n\n<p><\/p>\n\n\n\n<figure class=\"wp-block-image size-large\"><a href=\"https:\/\/on.soundcloud.com\/xT55K\" target=\"_blank\" rel=\"noreferrer noopener\"><img loading=\"lazy\" decoding=\"async\" width=\"1024\" height=\"298\" src=\"https:\/\/musee.artetdechirure.fr\/wp-content\/uploads\/2023\/02\/Capture-decran-2023-02-17-a-19.55.25-1024x298.png\" alt=\"\" class=\"wp-image-29948\" srcset=\"https:\/\/museeartetdechirure.jfguillou.fr\/wp-content\/uploads\/2023\/02\/Capture-decran-2023-02-17-a-19.55.25-1024x298.png 1024w, https:\/\/museeartetdechirure.jfguillou.fr\/wp-content\/uploads\/2023\/02\/Capture-decran-2023-02-17-a-19.55.25-300x87.png 300w, https:\/\/museeartetdechirure.jfguillou.fr\/wp-content\/uploads\/2023\/02\/Capture-decran-2023-02-17-a-19.55.25-768x223.png 768w, https:\/\/museeartetdechirure.jfguillou.fr\/wp-content\/uploads\/2023\/02\/Capture-decran-2023-02-17-a-19.55.25-1536x447.png 1536w, https:\/\/museeartetdechirure.jfguillou.fr\/wp-content\/uploads\/2023\/02\/Capture-decran-2023-02-17-a-19.55.25-2048x596.png 2048w\" sizes=\"auto, (max-width: 1024px) 100vw, 1024px\" \/><\/a><\/figure>\n\n\n\n<p>&#8212;&#8212;&#8212;&#8212;&#8212;&#8212;&#8212;&#8212;&#8212;&#8212;&#8212;&#8212;&#8211;<\/p>\n\n\n\n<p><strong>Catalogue Festival Art et D\u00e9chirure 2017<\/strong> :<\/p>\n\n\n\n<p>\u00ab\u00a0\u00c0 la fois atelier, demeure et r\u00e9sidence de cr\u00e9ation, la Villa Verveine, en Picardie, est le quartier g\u00e9n\u00e9ral de Caroline Dahyot. La fa\u00e7ade de sa maison, qu\u2019elle a enti\u00e8rement peinte, a d\u00e9clench\u00e9 l\u2019opprobre de la mairesse du village, au point d\u2019en faire les manchettes t\u00e9l\u00e9vis\u00e9es ! En plus de la peinture et du dessin, Caroline Dahyot cr\u00e9e aussi des poup\u00e9es et des marionnettes. Son travail est charg\u00e9 d\u2019amour et de tendresse. Ses sc\u00e8nes familiales et ses couples enlac\u00e9s aux couleurs vives, aux empreintes post-punk, d\u00e9montrent beaucoup de charme, de na\u00efvet\u00e9 et de beaut\u00e9. Pas une ombre de violence dans ce travail frais et spontan\u00e9, marqu\u00e9 par une vraie patte, une authentique signature, celle d\u2019une artiste avec un c\u0153ur \u00e0 fleur de peau. Elle a \u00e9t\u00e9 artiste en r\u00e9sidence \u00e0 La Galerie des Nanas \u00e0 l\u2019\u00e9t\u00e9 2016.\u00a0\u00bb<br><br>Texte de Jean Robert Bisailon (Galerie des nanas avec Martine Birobent) pour l\u2019exposition \u00c9tat Brut \u00e0 Montr\u00e9al. (2017)<\/p>\n\n\n\n<figure class=\"wp-block-image size-large is-resized\"><img decoding=\"async\" src=\"https:\/\/lewebpedagogique.com\/artetdechirure\/files\/2023\/01\/Capture-de\u0301cran-2023-01-22-a\u0300-16.19.25-1024x676.jpg\" alt=\"\" class=\"wp-image-1203\" style=\"width:768px;height:506px\"\/><figcaption class=\"wp-element-caption\"><sup>Caroline DAHYOT,  <em><a rel=\"noreferrer noopener\" href=\"https:\/\/www.youtube.com\/watch?v=0-9krfGv3kk\" target=\"_blank\">Villa Verveine<\/a><\/em>, photo de <a href=\"http:\/\/Facebook(ouvre un nouvel onglet) facebook.com\/profile.php?id=100014402738009&amp;__tn__=%2CdK*F-R&amp;eid=ARBSDBI0CFGb-JEFS01LgsUvNkGEAIeA8b1VwjP952b5di4EWuVvleYE0EQviVdMLKaLc6Hsbutw9E8X\" target=\"_blank\" rel=\"noreferrer noopener\">Jacques Yves GUCIA<\/a> pour la revue Artension, n\u00b0 159&nbsp;<\/sup><\/figcaption><\/figure>\n\n\n\n<hr class=\"wp-block-separator has-alpha-channel-opacity\"\/>\n\n\n\n<p><strong>Catalogue Art et D\u00e9chirure 2016 :<\/strong><\/p>\n\n\n\n<p>\u00ab\u00a0Je ne me souviens plus de mon premier abandon. Je n\u2019ai que la sensation de ce vide angoissant pour une enfant. Je l\u2019ai combl\u00e9 par l\u2019id\u00e9e de ma future famille. J\u2019\u00e9tais obs\u00e9d\u00e9e par la maternit\u00e9. Ma premi\u00e8re poup\u00e9e a \u00e9t\u00e9 con\u00e7ue lors d\u2019une s\u00e9paration forc\u00e9e d\u2019avec ma fille. En 2006 quand le p\u00e8re de mes enfants et moi nous s\u00e9parons, je commence de fa\u00e7on obsessionnelle \u00e0 coudre et dessiner pour parer \u00e0 cet abandon et r\u00e9parer la chute d\u2019un id\u00e9al. Depuis les abandons se sont succ\u00e9d\u00e9s me menant \u00e0 chaque fois vers des petits drames. Et je multipliais les actes magiques pour ne pas perdre l\u2019amour de l\u2019amoureux suivant, pour ne pas mourir, pour avoir l\u2019argent suffisant&nbsp;; jusqu\u2019\u00e0 aujourd\u2019hui. Un matin je me suis lev\u00e9e sans avoir peur de la solitude, sans avoir besoin d\u2019un amoureux pour me sauver. Mes actes magiques n\u2019ont pas eu l\u2019effet souhait\u00e9 mais ils m\u2019ont accompagn\u00e9 dans ce chemin pour la lib\u00e9ration.\u00a0\u00bb<\/p>\n\n\n\n<hr class=\"wp-block-separator has-css-opacity\"\/>\n\n\n\n<figure class=\"wp-block-embed is-type-video is-provider-youtube wp-block-embed-youtube wp-embed-aspect-16-9 wp-has-aspect-ratio\"><div class=\"wp-block-embed__wrapper\">\n<iframe loading=\"lazy\" title=\"Parcours Irr\u00e9guliers #2 : Caroline Dahyot, son refuge et son pouvoir de r\u00e9enchanter le monde.\" width=\"600\" height=\"338\" src=\"https:\/\/www.youtube.com\/embed\/angoHiVMwDQ?feature=oembed\" frameborder=\"0\" allow=\"accelerometer; autoplay; clipboard-write; encrypted-media; gyroscope; picture-in-picture; web-share\" referrerpolicy=\"strict-origin-when-cross-origin\" allowfullscreen><\/iframe>\n<\/div><\/figure>\n\n\n\n<p><strong>Interview de Caroline DAHYOT par Roberta TRAPANI<\/strong><br><em>Parcours irr\u00e9guliers<\/em><br>9e \u00e9dition de la biennale hors normes, septembre et octobre 2021<br>r\u00e9alisation et montage Danilo PROIETTI<\/p>\n\n\n\n<p>j&rsquo;ai pass\u00e9 toute ma scolarit\u00e9 dans une \u00e9cole religieuse avec uniforme, donc quelque chose d&rsquo;assez strict et j&rsquo;\u00e9tais tr\u00e8s timide, j&rsquo;ai pleur\u00e9 jusqu&rsquo;en terminale en allant \u00e0 l&rsquo;\u00e9cole tellement c&rsquo;\u00e9tait horrible pour moi, j&rsquo;\u00e9tais vraiment tr\u00e8s tr\u00e8s tr\u00e8s tr\u00e8s timide, j&rsquo;avais peur de tout, j&rsquo;osais m\u00eame pas aller dans la cour de l&rsquo;\u00e9cole, donc je pense que cet univers c&rsquo;est ce qui m&rsquo;a permis d&rsquo;exister en fait, par exemple quand je vois l\u00e0 par exemple je suis \u00e0 l&rsquo;aise parce que c&rsquo;est un peu une famille l&rsquo;art brut, l&rsquo;art singulier, je connais un peu tout le monde, mais si je suis dehors, sans ma maison avec des gens que je connais pas, mais c&rsquo;est horrible<\/p>\n\n\n\n<p>j&rsquo;avais un grand fr\u00e8re qu&rsquo;\u00e9tait punk, mon fr\u00e8re aussi il a eu une \u00e9ducation religieuse et il s&rsquo;est fait virer parce qu&rsquo;il \u00e9tait trop punk et puis je crois qu&rsquo;il a fait des fugues, mais moi j&rsquo;\u00e9tais assez sage en fait, tu vois, j&rsquo;ai&#8230; en tout cas si j&rsquo;ai fait une crise d&rsquo;adolescence elle \u00e9tait int\u00e9rieure, mais pas ext\u00e9rieure, j&rsquo;\u00e9tais tr\u00e8s introvertie et je piquais tous ses disques de punk pendant qu&rsquo;il \u00e9tait \u00e0 l&rsquo;internat et puis il avait une cr\u00eate jaune, ou je sais plus, tout ras\u00e9 et je me disais ouah il ose, je le regardais comme \u00e7a, disons que \u00e7a m&rsquo;a montr\u00e9 l&rsquo;explosion, qu&rsquo;on peut aller hors limite<\/p>\n\n\n\n<p>apr\u00e8s j&rsquo;ai fait une \u00e9cole de dessin, mais je restais \u00e0 un peu timide, et apr\u00e8s j&rsquo;ai eu des hallucinations et je voyais des pendus, enfin je voyais des choses assez horrible, et l\u00e0 j&rsquo;ai commenc\u00e9 \u00e0 vraiment dessiner des choses qui \u00e9taient en moi, et l\u00e0 \u00e7a a \u00e9t\u00e9 vraiment le d\u00e9but, \u00e7a, mon fr\u00e8re plus \u00e7a, \u00e7a a \u00e9t\u00e9 la graine qui a fait que \u00e7a a pu exploser, \u00e7a a vraiment d\u00e9marr\u00e9 quand le p\u00e8re de mes enfants en fait m&rsquo;a quitt\u00e9e, on habitait un petit village, et moi j&rsquo;avais pas de travail pas de voiture ni rien et l\u00e0 je me suis l\u00e2ch\u00e9e et puis en plus comme je&#8230;en fait quand je vivais avec lui, je pouvais pas peindre, parce que quand tu vis avec quelqu&rsquo;un c&rsquo;est compliqu\u00e9<\/p>\n\n\n\n<p>je raconte pas des histoires mais je projette un avenir qui serait heureux, c&rsquo;est \u00e0 dire qu&rsquo;il y a toujours&#8230; avant il y avait toujours mes enfants mais j&rsquo;ai d\u00e9cid\u00e9 d&rsquo;arr\u00eater de le faire parce que je trouvais que pour eux c&rsquo;\u00e9tait lourd aussi, je les dessinais tout le temps, et il y a toujours moi et un amoureux potentiel, parce que c&rsquo;est un peu compliqu\u00e9 pour moi \u00e7a, et tout va bien, mais il y a quand m\u00eame le monde, \u00e7a part toujours d&rsquo;un chaos, donc il y a souvent des \u00e9v\u00e9nements, on le voit pas, mais qui sont li\u00e9es \u00e0 l&rsquo;actualit\u00e9, mais je projette quand m\u00eame un monde qui me semble id\u00e9al, mais c&rsquo;est pas des histoires que je raconte, c&rsquo;est des projections<\/p>\n\n\n\n<p>ma premi\u00e8re cr\u00e9ation c&rsquo;\u00e9tait \u00e0 6 ans \u00e0 l&rsquo;\u00e9cole parce que j&rsquo;\u00e9tais dyslexique et une ma\u00eetresse a bien aim\u00e9, elle a trouv\u00e9 \u00e7a joli, donc apr\u00e8s j&rsquo;ai beaucoup dessin\u00e9, mais \u00e0 28 ans j&rsquo;ai montr\u00e9 mes dessins et on m&rsquo;a dit qu&rsquo;ils \u00e9taient moches donc l\u00e0 j&rsquo;ai fait des poup\u00e9es, des poup\u00e9es de toute ma famille parce que je voulais pas qu&rsquo;ils meurent et tout \u00e7a, les poup\u00e9es j&rsquo;en fais encore mais elles sont diff\u00e9rentes des premi\u00e8res poup\u00e9es, les premi\u00e8res poup\u00e9es c&rsquo;\u00e9tait vraiment pour les membres de ma famille, il y avait un organe par personne, et apr\u00e8s c&rsquo;\u00e9tait des poup\u00e9es plus pour trouver l&rsquo;amoureux, apr\u00e8s quand j&rsquo;avais un amoureux c&rsquo;\u00e9tait pour pas le perdre, mais je l&nbsp;&lsquo;ai toujours perdu, donc souvent il y a des vrais cheveux, il y a des mots et maintenant il y a plus des poup\u00e9es pour rencontrer l&rsquo;amour, \u00e0 nouveau<\/p>\n\n\n\n<p>je ne sais pas si un jour je suis vraiment apais\u00e9e si je vais continuer \u00e0 cr\u00e9er, c&rsquo;est juste pour supporter le quotidien, ou l&rsquo;id\u00e9e que&#8230; la vie c&rsquo;est quand m\u00eame complexe, enfin&#8230;qu&rsquo;on peut mourir d&rsquo;une minute \u00e0 l&rsquo;autre.<\/p>\n\n\n\n<p>j&rsquo;adore les animaux, vraiment tr\u00e8s fort, j&rsquo;ai toujours ador\u00e9 depuis que je suis petite et en plus quand j&rsquo;ai \u00e9t\u00e9 triste mes chats m&rsquo;ont beaucoup consol\u00e9e, j&rsquo;ai vraiment une belle relation avec eux<\/p>\n\n\n\n<p>quand j&rsquo;ai commenc\u00e9 \u00e0 faire mon appart je connaissais pas l&rsquo;art brut enfin&#8230; \u00e0 part que je travaillais \u00e0 Beaubourg et que je connaissais Dubuffet, Chaissac, mais voil\u00e0 je n&rsquo;\u00e9tais pas plus int\u00e9ress\u00e9 que \u00e7a et quand j&rsquo;ai d\u00e9cor\u00e9 mon appartement j&rsquo;ai des amis qui m&rsquo;ont offert aux \u00e9ditions Taschen je sais plus si c&rsquo;est&#8230;<em> Mondes imaginaires,<\/em> voil\u00e0<\/p>\n\n\n\n<p>moi je voulais pas \u00eatre sp\u00e9cialement dans l&rsquo;art brut, l&rsquo;art singulier, en fait on s&rsquo;\u00e9tait s\u00e9par\u00e9 avec le p\u00e8re de mes enfants depuis une semaine, mais depuis tr\u00e8s longtemps j&rsquo;avais un petit num\u00e9ro qu&rsquo;on m&rsquo;avait donn\u00e9 d&rsquo;une dame, d&rsquo;une artiste qui s&rsquo;appelle Martine Mangard qui travaillait \u00e0 la MJC et je suis all\u00e9e lui montrer mes dessins parce que c&rsquo;\u00e9tait soit \u00e7a, soit je travaillais \u00e0 l&rsquo;usine et je me suis dit laisse-toi la chance de faire autre chose quoi, parce que dans mon village c&rsquo;est l&rsquo;usine, et donc j&rsquo;ai \u00e9t\u00e9 montrer mon travail \u00e0 cette femme et elle m&rsquo;a pris sous son aile, l\u00e0 il y a Vincent Prieur, un artiste, qui est venu voir mon travail \u00e0 la MJC et il m&rsquo;a mise \u00e0 Art et D\u00e9chirure et apr\u00e8s \u00e7a a fait tac-tac-tac, mais je voulais pas \u00eatre dans l&rsquo;art singulier, l&rsquo;art brut, c&rsquo;est pas nous qui d\u00e9cidons, je trouve<\/p>\n\n\n\n<p>je chante super faux oui, mais en fait ce que j&rsquo;aime, dans mon travail c&rsquo;est pareil&#8230; en fait j&rsquo;\u00e9tais nulle \u00e0 l&rsquo;\u00e9cole en chant, il y a plein de choses o\u00f9 j&rsquo;ai \u00e9t\u00e9 nulle, mais j&rsquo;adore utiliser toutes les mati\u00e8res o\u00f9 j&rsquo;\u00e9tais nulle et en faire quelque chose, c&rsquo;est pareil j&rsquo;ai eu 0 en couture \u00e0 l&rsquo;\u00e9cole et c&rsquo;est pour \u00e7a que j&rsquo;aime bien, j&rsquo;aime bien&#8230; enfin utiliser un truc o\u00f9 on \u00e9tait cens\u00e9 \u00eatre nul<\/p>\n\n\n\n<p>je sais pas si j&rsquo;ai vraiment une technique \u00e0 part que c&rsquo;est de l&rsquo;acrylique feutre, mais apr\u00e8s il y a du collage parfois mais en ce moment j&rsquo;en ai marre du collage donc j&rsquo;en mets plus, j&rsquo;ai pas l&rsquo;impression d&rsquo;avoir vraiment une technique&#8230; c&rsquo;est hypnotique, en fait \u00e7a me permet d&rsquo;apaiser, avec les petits traits \u00e7a m&rsquo;apaise, je pense, mais j&rsquo;ai pas toujours eu cette technique, la technique \u00e7a \u00e9volue, apr\u00e8s on sait pas forc\u00e9ment pourquoi, et les mots c&rsquo;est aussi pour \u00e7a, pour ancrer dans une r\u00e9alit\u00e9, le mot pour moi c&rsquo;est ce qui ancre le r\u00eave dans la r\u00e9alit\u00e9, parce qu&rsquo;en fait je me sens pas incarn\u00e9e et je r\u00eave de m&rsquo;incarner, alors que tout le monde me dit que je le suis, oui mais moi je me sens pas incarn\u00e9e, et le mot c&rsquo;est ce qui va m&rsquo;aider \u00e0 m&rsquo;incarner, conna\u00eetre les limites de son corps son coeur son \u00e2me sa maison, \u00e7a c&rsquo;est super important parce que j&rsquo;ai beaucoup de mal \u00e0 mettre des limites, c&rsquo;est ma probl\u00e9matique, et donc je fais le max pour y arriver<\/p>\n\n\n\n<p>j&rsquo;\u00e9tais gardienne \u00e0 Beaubourg donc j&rsquo;imagine qu&rsquo;il y a plein d&rsquo;artistes qui m&rsquo;ont inspir\u00e9e, alors il y avait Frida Kahlo qui m&rsquo;a beaucoup inspir\u00e9e parce que quand j&rsquo;ai gard\u00e9 sa salle j&rsquo;ai vomi tellement j&rsquo;ai senti sa douleur donc apr\u00e8s je me suis int\u00e9ress\u00e9e \u00e0 son histoire<\/p>\n\n\n\n<p>ah oui j&rsquo;adorais Niki de Saint Phalle, son histoire aussi, puis je les gardais \u00e0 Beaubourg donc il y en a qui m&rsquo;ont dit Chagall, j&rsquo;ai gard\u00e9 la salle de Chagall, je me souviens que j&rsquo;ai gard\u00e9 beaucoup de salles donc j&rsquo;imagine que \u00e7a rentre m\u00eame inconsciemment, quoi<\/p>\n\n\n\n<p>quand je cr\u00e9e pas je suis vraiment tr\u00e8s triste et si je cr\u00e9e pas pendant plusieurs jours c&rsquo;est&#8230; je redeviens tr\u00e8s tr\u00e8s triste&#8230; je crois que \u00e7a me permet de prendre ma place et puis de pas \u00eatre angoiss\u00e9e et de pas douter, d&rsquo;arr\u00eater de douter, c&rsquo;est le seul endroit o\u00f9 je doute pas, sinon je doute tout le temps, tout ce que j&rsquo;ai dit, j&rsquo;ai peur d&rsquo;avoir dit une b\u00eatise&#8230; quand je dessine je doute pas, m\u00eame si je trouve que je suis pas forte, je m&rsquo;en fous, en fait je fais<\/p>\n\n\n\n<p class=\"has-small-font-size\">(Verbatim \u00e9tabli par Jean-Fran\u00e7ois GUILLOU pour le Mus\u00e9e Art et D\u00e9chirure)<\/p>\n\n\n\n<hr class=\"wp-block-separator has-alpha-channel-opacity\"\/>\n\n\n\n<p><a rel=\"noreferrer noopener\" href=\"https:\/\/lesvoyagesdeberengere.com\/portrait-de-caroline-dahyot-artiste-art-brut\/6k7f6u2bd\/portrait\/\" target=\"_blank\">\u00c0 lire \u00e9galement le reportage-<\/a><a rel=\"noreferrer noopener\" href=\"https:\/\/lesvoyagesdeberengere.com\/portrait-de-caroline-dahyot-artiste-art-brut\/6k7f6u2bd\/portrait\/\" target=\"_blank\">p<\/a><a rel=\"noreferrer noopener\" href=\"https:\/\/lesvoyagesdeberengere.com\/portrait-de-caroline-dahyot-artiste-art-brut\/6k7f6u2bd\/portrait\/\" target=\"_blank\">o<\/a><a rel=\"noreferrer noopener\" href=\"https:\/\/lesvoyagesdeberengere.com\/portrait-de-caroline-dahyot-artiste-art-brut\/6k7f6u2bd\/portrait\/\" target=\"_blank\">r<\/a><a rel=\"noreferrer noopener\" href=\"https:\/\/lesvoyagesdeberengere.com\/portrait-de-caroline-dahyot-artiste-art-brut\/6k7f6u2bd\/portrait\/\" target=\"_blank\">t<\/a><a rel=\"noreferrer noopener\" href=\"https:\/\/lesvoyagesdeberengere.com\/portrait-de-caroline-dahyot-artiste-art-brut\/6k7f6u2bd\/portrait\/\" target=\"_blank\">r<\/a><a rel=\"noreferrer noopener\" href=\"https:\/\/lesvoyagesdeberengere.com\/portrait-de-caroline-dahyot-artiste-art-brut\/6k7f6u2bd\/portrait\/\" target=\"_blank\">a<\/a><a rel=\"noreferrer noopener\" href=\"https:\/\/lesvoyagesdeberengere.com\/portrait-de-caroline-dahyot-artiste-art-brut\/6k7f6u2bd\/portrait\/\" target=\"_blank\">i<\/a><a rel=\"noreferrer noopener\" href=\"https:\/\/lesvoyagesdeberengere.com\/portrait-de-caroline-dahyot-artiste-art-brut\/6k7f6u2bd\/portrait\/\" target=\"_blank\">t<\/a><a rel=\"noreferrer noopener\" href=\"https:\/\/lesvoyagesdeberengere.com\/portrait-de-caroline-dahyot-artiste-art-brut\/6k7f6u2bd\/portrait\/\" target=\"_blank\"> de B\u00e9reng\u00e8re Desmettre (d\u00e9c. 2022)<\/a><\/p>\n","protected":false},"excerpt":{"rendered":"<p>Caroline chante : &#8212;&#8212;&#8212;&#8212;&#8212;&#8212;&#8212;&#8212;&#8212;&#8212;&#8212;&#8212;&#8211; Catalogue Festival Art et D\u00e9chirure 2017 : \u00ab\u00a0\u00c0 la fois atelier, demeure et r\u00e9sidence de cr\u00e9ation, la Villa Verveine, en Picardie, est le quartier g\u00e9n\u00e9ral de Caroline Dahyot. La fa\u00e7ade de sa maison, qu\u2019elle a enti\u00e8rement&#8230; <a href=\"https:\/\/museeartetdechirure.jfguillou.fr\/index.php\/2023\/02\/18\/collection-caroline-dahyot\/\">Continue reading<\/a><\/p>\n","protected":false},"author":1,"featured_media":0,"comment_status":"open","ping_status":"open","sticky":false,"template":"","format":"standard","meta":{"footnotes":""},"categories":[1],"tags":[],"class_list":["post-1170","post","type-post","status-publish","format-standard","hentry","category-blog"],"_links":{"self":[{"href":"https:\/\/museeartetdechirure.jfguillou.fr\/index.php\/wp-json\/wp\/v2\/posts\/1170","targetHints":{"allow":["GET"]}}],"collection":[{"href":"https:\/\/museeartetdechirure.jfguillou.fr\/index.php\/wp-json\/wp\/v2\/posts"}],"about":[{"href":"https:\/\/museeartetdechirure.jfguillou.fr\/index.php\/wp-json\/wp\/v2\/types\/post"}],"author":[{"embeddable":true,"href":"https:\/\/museeartetdechirure.jfguillou.fr\/index.php\/wp-json\/wp\/v2\/users\/1"}],"replies":[{"embeddable":true,"href":"https:\/\/museeartetdechirure.jfguillou.fr\/index.php\/wp-json\/wp\/v2\/comments?post=1170"}],"version-history":[{"count":2,"href":"https:\/\/museeartetdechirure.jfguillou.fr\/index.php\/wp-json\/wp\/v2\/posts\/1170\/revisions"}],"predecessor-version":[{"id":34674,"href":"https:\/\/museeartetdechirure.jfguillou.fr\/index.php\/wp-json\/wp\/v2\/posts\/1170\/revisions\/34674"}],"wp:attachment":[{"href":"https:\/\/museeartetdechirure.jfguillou.fr\/index.php\/wp-json\/wp\/v2\/media?parent=1170"}],"wp:term":[{"taxonomy":"category","embeddable":true,"href":"https:\/\/museeartetdechirure.jfguillou.fr\/index.php\/wp-json\/wp\/v2\/categories?post=1170"},{"taxonomy":"post_tag","embeddable":true,"href":"https:\/\/museeartetdechirure.jfguillou.fr\/index.php\/wp-json\/wp\/v2\/tags?post=1170"}],"curies":[{"name":"wp","href":"https:\/\/api.w.org\/{rel}","templated":true}]}}